{"id":378,"date":"2017-11-22T12:33:16","date_gmt":"2017-11-22T12:33:16","guid":{"rendered":"http:\/\/vidadigital.eu\/uso-de-internet-de-los-alumnos-de-eso-de-las-islas-baleares\/"},"modified":"2017-11-22T12:33:16","modified_gmt":"2017-11-22T12:33:16","slug":"uso-de-internet-de-los-alumnos-de-eso-de-las-islas-baleares","status":"publish","type":"post","link":"https:\/\/vidadigital.eu\/es\/uso-de-internet-de-los-alumnos-de-eso-de-las-islas-baleares\/","title":{"rendered":"Uso de Internet de los alumnos de ESO de las Islas Baleares"},"content":{"rendered":"<p>Desde el <a href=\"http:\/\/obsi.fundaciobit.org\/?lang=es\">OBSI<\/a>, no es la primera vez que se trata este tema en una publicaci\u00f3n, ya en la\u00a0monograf\u00eda 12 se habla de seguridad, menores y TIC, y es que el tema est\u00e1 a la orden del d\u00eda y hacen falta\u00a0datos para Islas Baleares para poder planificar pol\u00edticas p\u00fablicas encaminadas a mejorar el uso que hacen\u00a0los menores de Internet. Los menores, inmersos en la sociedad de la informaci\u00f3n, mantienen una relaci\u00f3n\u00a0muy natural con Internet y con las TIC en general, pero tambi\u00e9n en este contexto, los menores se<br \/>\npueden encontrar en situaciones de especial vulnerabilidad, tanto por su edad, como por la inexperiencia,entre otros. El objetivo de esta investigaci\u00f3n es analizar el uso de las TIC, especialmente de Internet,<br \/>\nque hacen los alumnos de ESO de las Islas Baleares y se centra en 5 dimensiones principales: el acceso a\u00a0Internet, el uso de Internet, las competencias digitales, las situaciones de conflicto relacionadas con el uso<br \/>\nde la Red y el entorno del menor<\/p>\n","protected":false},"excerpt":{"rendered":"<p>Desde el OBSI, no es la primera vez que se trata este tema en una publicaci\u00f3n, ya en la\u00a0monograf\u00eda 12 se habla de seguridad, menores y TIC, y es que el tema est\u00e1 a la orden del d\u00eda y hacen falta\u00a0datos para Islas Baleares para poder planificar pol\u00edticas p\u00fablicas encaminadas a mejorar el uso que [&hellip;]<\/p>\n","protected":false},"author":1,"featured_media":376,"comment_status":"closed","ping_status":"closed","sticky":false,"template":"","format":"standard","meta":{"_et_pb_use_builder":"","_et_pb_old_content":"","_et_gb_content_width":""},"categories":[35,32],"tags":[],"yoast_head":"<!-- This site is optimized with the Yoast SEO plugin v18.9 - https:\/\/yoast.com\/wordpress\/plugins\/seo\/ -->\n<title>Uso de Internet de los alumnos de ESO de las Islas Baleares - Vida Digital + Segura<\/title>\n<meta name=\"robots\" content=\"index, follow, max-snippet:-1, max-image-preview:large, max-video-preview:-1\" \/>\n<link rel=\"canonical\" href=\"https:\/\/vidadigital.eu\/es\/uso-de-internet-de-los-alumnos-de-eso-de-las-islas-baleares\/\" \/>\n<meta property=\"og:locale\" content=\"es_ES\" \/>\n<meta property=\"og:type\" content=\"article\" \/>\n<meta property=\"og:title\" content=\"Uso de Internet de los alumnos de ESO de las Islas Baleares - Vida Digital + Segura\" \/>\n<meta property=\"og:description\" content=\"Desde el OBSI, no es la primera vez que se trata este tema en una publicaci\u00f3n, ya en la\u00a0monograf\u00eda 12 se habla de seguridad, menores y TIC, y es que el tema est\u00e1 a la orden del d\u00eda y hacen falta\u00a0datos para Islas Baleares para poder planificar pol\u00edticas p\u00fablicas encaminadas a mejorar el uso que [&hellip;]\" \/>\n<meta property=\"og:url\" content=\"https:\/\/vidadigital.eu\/es\/uso-de-internet-de-los-alumnos-de-eso-de-las-islas-baleares\/\" \/>\n<meta property=\"og:site_name\" content=\"Vida Digital + Segura\" \/>\n<meta property=\"article:publisher\" content=\"https:\/\/www.facebook.com\/vidadigitalmessegura\/\" \/>\n<meta property=\"article:published_time\" content=\"2017-11-22T12:33:16+00:00\" \/>\n<meta property=\"og:image\" content=\"https:\/\/vidadigital.eu\/wp-content\/uploads\/2017\/11\/ImatgeStudijoves.jpg\" \/>\n\t<meta property=\"og:image:width\" content=\"1080\" \/>\n\t<meta property=\"og:image:height\" content=\"675\" \/>\n\t<meta property=\"og:image:type\" content=\"image\/jpeg\" \/>\n<meta name=\"twitter:card\" content=\"summary\" \/>\n<meta name=\"twitter:label1\" content=\"Escrito por\" \/>\n\t<meta name=\"twitter:data1\" content=\"vidadigital\" \/>\n\t<meta name=\"twitter:label2\" content=\"Tiempo de lectura\" \/>\n\t<meta name=\"twitter:data2\" content=\"1 minuto\" \/>\n<script type=\"application\/ld+json\" class=\"yoast-schema-graph\">{\"@context\":\"https:\/\/schema.org\",\"@graph\":[{\"@type\":\"Organization\",\"@id\":\"https:\/\/vidadigital.eu\/#organization\",\"name\":\"IBJove\",\"url\":\"https:\/\/vidadigital.eu\/\",\"sameAs\":[\"https:\/\/www.instagram.com\/vidadigitalmessegura\/\",\"https:\/\/www.facebook.com\/vidadigitalmessegura\/\"],\"logo\":{\"@type\":\"ImageObject\",\"inLanguage\":\"es\",\"@id\":\"https:\/\/vidadigital.eu\/#\/schema\/logo\/image\/\",\"url\":\"http:\/\/vidadigital.eu\/wp-content\/uploads\/2017\/10\/lg-ibjove.png\",\"contentUrl\":\"http:\/\/vidadigital.eu\/wp-content\/uploads\/2017\/10\/lg-ibjove.png\",\"width\":200,\"height\":96,\"caption\":\"IBJove\"},\"image\":{\"@id\":\"https:\/\/vidadigital.eu\/#\/schema\/logo\/image\/\"}},{\"@type\":\"WebSite\",\"@id\":\"https:\/\/vidadigital.eu\/#website\",\"url\":\"https:\/\/vidadigital.eu\/\",\"name\":\"Vida Digital + Segura\",\"description\":\"Govern Illes Balears\",\"publisher\":{\"@id\":\"https:\/\/vidadigital.eu\/#organization\"},\"potentialAction\":[{\"@type\":\"SearchAction\",\"target\":{\"@type\":\"EntryPoint\",\"urlTemplate\":\"https:\/\/vidadigital.eu\/?s={search_term_string}\"},\"query-input\":\"required name=search_term_string\"}],\"inLanguage\":\"es\"},{\"@type\":\"ImageObject\",\"inLanguage\":\"es\",\"@id\":\"https:\/\/vidadigital.eu\/es\/uso-de-internet-de-los-alumnos-de-eso-de-las-islas-baleares\/#primaryimage\",\"url\":\"https:\/\/vidadigital.eu\/wp-content\/uploads\/2017\/11\/ImatgeStudijoves.jpg\",\"contentUrl\":\"https:\/\/vidadigital.eu\/wp-content\/uploads\/2017\/11\/ImatgeStudijoves.jpg\",\"width\":1080,\"height\":675},{\"@type\":\"WebPage\",\"@id\":\"https:\/\/vidadigital.eu\/es\/uso-de-internet-de-los-alumnos-de-eso-de-las-islas-baleares\/#webpage\",\"url\":\"https:\/\/vidadigital.eu\/es\/uso-de-internet-de-los-alumnos-de-eso-de-las-islas-baleares\/\",\"name\":\"Uso de Internet de los alumnos de ESO de las Islas Baleares - Vida Digital + Segura\",\"isPartOf\":{\"@id\":\"https:\/\/vidadigital.eu\/#website\"},\"primaryImageOfPage\":{\"@id\":\"https:\/\/vidadigital.eu\/es\/uso-de-internet-de-los-alumnos-de-eso-de-las-islas-baleares\/#primaryimage\"},\"datePublished\":\"2017-11-22T12:33:16+00:00\",\"dateModified\":\"2017-11-22T12:33:16+00:00\",\"breadcrumb\":{\"@id\":\"https:\/\/vidadigital.eu\/es\/uso-de-internet-de-los-alumnos-de-eso-de-las-islas-baleares\/#breadcrumb\"},\"inLanguage\":\"es\",\"potentialAction\":[{\"@type\":\"ReadAction\",\"target\":[\"https:\/\/vidadigital.eu\/es\/uso-de-internet-de-los-alumnos-de-eso-de-las-islas-baleares\/\"]}]},{\"@type\":\"BreadcrumbList\",\"@id\":\"https:\/\/vidadigital.eu\/es\/uso-de-internet-de-los-alumnos-de-eso-de-las-islas-baleares\/#breadcrumb\",\"itemListElement\":[{\"@type\":\"ListItem\",\"position\":1,\"name\":\"Portada\",\"item\":\"https:\/\/vidadigital.eu\/es\/\"},{\"@type\":\"ListItem\",\"position\":2,\"name\":\"Uso de Internet de los alumnos de ESO de las Islas Baleares\"}]},{\"@type\":\"Article\",\"@id\":\"https:\/\/vidadigital.eu\/es\/uso-de-internet-de-los-alumnos-de-eso-de-las-islas-baleares\/#article\",\"isPartOf\":{\"@id\":\"https:\/\/vidadigital.eu\/es\/uso-de-internet-de-los-alumnos-de-eso-de-las-islas-baleares\/#webpage\"},\"author\":{\"@id\":\"https:\/\/vidadigital.eu\/#\/schema\/person\/c83f19d30baba864838488f905d324b0\"},\"headline\":\"Uso de Internet de los alumnos de ESO de las Islas Baleares\",\"datePublished\":\"2017-11-22T12:33:16+00:00\",\"dateModified\":\"2017-11-22T12:33:16+00:00\",\"mainEntityOfPage\":{\"@id\":\"https:\/\/vidadigital.eu\/es\/uso-de-internet-de-los-alumnos-de-eso-de-las-islas-baleares\/#webpage\"},\"wordCount\":187,\"publisher\":{\"@id\":\"https:\/\/vidadigital.eu\/#organization\"},\"image\":{\"@id\":\"https:\/\/vidadigital.eu\/es\/uso-de-internet-de-los-alumnos-de-eso-de-las-islas-baleares\/#primaryimage\"},\"thumbnailUrl\":\"https:\/\/vidadigital.eu\/wp-content\/uploads\/2017\/11\/ImatgeStudijoves.jpg\",\"articleSection\":[\"#estudis\",\"professionals\"],\"inLanguage\":\"es\"},{\"@type\":\"Person\",\"@id\":\"https:\/\/vidadigital.eu\/#\/schema\/person\/c83f19d30baba864838488f905d324b0\",\"name\":\"vidadigital\",\"image\":{\"@type\":\"ImageObject\",\"inLanguage\":\"es\",\"@id\":\"https:\/\/vidadigital.eu\/#\/schema\/person\/image\/\",\"url\":\"https:\/\/secure.gravatar.com\/avatar\/412d3b63274bcf76039a4c7cdfb0644c?s=96&d=mm&r=g\",\"contentUrl\":\"https:\/\/secure.gravatar.com\/avatar\/412d3b63274bcf76039a4c7cdfb0644c?s=96&d=mm&r=g\",\"caption\":\"vidadigital\"},\"url\":\"https:\/\/vidadigital.eu\/es\/author\/vidadigital\/\"}]}<\/script>\n<!-- \/ Yoast SEO plugin. -->","yoast_head_json":{"title":"Uso de Internet de los alumnos de ESO de las Islas Baleares - Vida Digital + Segura","robots":{"index":"index","follow":"follow","max-snippet":"max-snippet:-1","max-image-preview":"max-image-preview:large","max-video-preview":"max-video-preview:-1"},"canonical":"https:\/\/vidadigital.eu\/es\/uso-de-internet-de-los-alumnos-de-eso-de-las-islas-baleares\/","og_locale":"es_ES","og_type":"article","og_title":"Uso de Internet de los alumnos de ESO de las Islas Baleares - Vida Digital + Segura","og_description":"Desde el OBSI, no es la primera vez que se trata este tema en una publicaci\u00f3n, ya en la\u00a0monograf\u00eda 12 se habla de seguridad, menores y TIC, y es que el tema est\u00e1 a la orden del d\u00eda y hacen falta\u00a0datos para Islas Baleares para poder planificar pol\u00edticas p\u00fablicas encaminadas a mejorar el uso que [&hellip;]","og_url":"https:\/\/vidadigital.eu\/es\/uso-de-internet-de-los-alumnos-de-eso-de-las-islas-baleares\/","og_site_name":"Vida Digital + Segura","article_publisher":"https:\/\/www.facebook.com\/vidadigitalmessegura\/","article_published_time":"2017-11-22T12:33:16+00:00","og_image":[{"width":1080,"height":675,"url":"https:\/\/vidadigital.eu\/wp-content\/uploads\/2017\/11\/ImatgeStudijoves.jpg","type":"image\/jpeg"}],"twitter_card":"summary","twitter_misc":{"Escrito por":"vidadigital","Tiempo de lectura":"1 minuto"},"schema":{"@context":"https:\/\/schema.org","@graph":[{"@type":"Organization","@id":"https:\/\/vidadigital.eu\/#organization","name":"IBJove","url":"https:\/\/vidadigital.eu\/","sameAs":["https:\/\/www.instagram.com\/vidadigitalmessegura\/","https:\/\/www.facebook.com\/vidadigitalmessegura\/"],"logo":{"@type":"ImageObject","inLanguage":"es","@id":"https:\/\/vidadigital.eu\/#\/schema\/logo\/image\/","url":"http:\/\/vidadigital.eu\/wp-content\/uploads\/2017\/10\/lg-ibjove.png","contentUrl":"http:\/\/vidadigital.eu\/wp-content\/uploads\/2017\/10\/lg-ibjove.png","width":200,"height":96,"caption":"IBJove"},"image":{"@id":"https:\/\/vidadigital.eu\/#\/schema\/logo\/image\/"}},{"@type":"WebSite","@id":"https:\/\/vidadigital.eu\/#website","url":"https:\/\/vidadigital.eu\/","name":"Vida Digital + Segura","description":"Govern Illes Balears","publisher":{"@id":"https:\/\/vidadigital.eu\/#organization"},"potentialAction":[{"@type":"SearchAction","target":{"@type":"EntryPoint","urlTemplate":"https:\/\/vidadigital.eu\/?s={search_term_string}"},"query-input":"required name=search_term_string"}],"inLanguage":"es"},{"@type":"ImageObject","inLanguage":"es","@id":"https:\/\/vidadigital.eu\/es\/uso-de-internet-de-los-alumnos-de-eso-de-las-islas-baleares\/#primaryimage","url":"https:\/\/vidadigital.eu\/wp-content\/uploads\/2017\/11\/ImatgeStudijoves.jpg","contentUrl":"https:\/\/vidadigital.eu\/wp-content\/uploads\/2017\/11\/ImatgeStudijoves.jpg","width":1080,"height":675},{"@type":"WebPage","@id":"https:\/\/vidadigital.eu\/es\/uso-de-internet-de-los-alumnos-de-eso-de-las-islas-baleares\/#webpage","url":"https:\/\/vidadigital.eu\/es\/uso-de-internet-de-los-alumnos-de-eso-de-las-islas-baleares\/","name":"Uso de Internet de los alumnos de ESO de las Islas Baleares - Vida Digital + Segura","isPartOf":{"@id":"https:\/\/vidadigital.eu\/#website"},"primaryImageOfPage":{"@id":"https:\/\/vidadigital.eu\/es\/uso-de-internet-de-los-alumnos-de-eso-de-las-islas-baleares\/#primaryimage"},"datePublished":"2017-11-22T12:33:16+00:00","dateModified":"2017-11-22T12:33:16+00:00","breadcrumb":{"@id":"https:\/\/vidadigital.eu\/es\/uso-de-internet-de-los-alumnos-de-eso-de-las-islas-baleares\/#breadcrumb"},"inLanguage":"es","potentialAction":[{"@type":"ReadAction","target":["https:\/\/vidadigital.eu\/es\/uso-de-internet-de-los-alumnos-de-eso-de-las-islas-baleares\/"]}]},{"@type":"BreadcrumbList","@id":"https:\/\/vidadigital.eu\/es\/uso-de-internet-de-los-alumnos-de-eso-de-las-islas-baleares\/#breadcrumb","itemListElement":[{"@type":"ListItem","position":1,"name":"Portada","item":"https:\/\/vidadigital.eu\/es\/"},{"@type":"ListItem","position":2,"name":"Uso de Internet de los alumnos de ESO de las Islas Baleares"}]},{"@type":"Article","@id":"https:\/\/vidadigital.eu\/es\/uso-de-internet-de-los-alumnos-de-eso-de-las-islas-baleares\/#article","isPartOf":{"@id":"https:\/\/vidadigital.eu\/es\/uso-de-internet-de-los-alumnos-de-eso-de-las-islas-baleares\/#webpage"},"author":{"@id":"https:\/\/vidadigital.eu\/#\/schema\/person\/c83f19d30baba864838488f905d324b0"},"headline":"Uso de Internet de los alumnos de ESO de las Islas Baleares","datePublished":"2017-11-22T12:33:16+00:00","dateModified":"2017-11-22T12:33:16+00:00","mainEntityOfPage":{"@id":"https:\/\/vidadigital.eu\/es\/uso-de-internet-de-los-alumnos-de-eso-de-las-islas-baleares\/#webpage"},"wordCount":187,"publisher":{"@id":"https:\/\/vidadigital.eu\/#organization"},"image":{"@id":"https:\/\/vidadigital.eu\/es\/uso-de-internet-de-los-alumnos-de-eso-de-las-islas-baleares\/#primaryimage"},"thumbnailUrl":"https:\/\/vidadigital.eu\/wp-content\/uploads\/2017\/11\/ImatgeStudijoves.jpg","articleSection":["#estudis","professionals"],"inLanguage":"es"},{"@type":"Person","@id":"https:\/\/vidadigital.eu\/#\/schema\/person\/c83f19d30baba864838488f905d324b0","name":"vidadigital","image":{"@type":"ImageObject","inLanguage":"es","@id":"https:\/\/vidadigital.eu\/#\/schema\/person\/image\/","url":"https:\/\/secure.gravatar.com\/avatar\/412d3b63274bcf76039a4c7cdfb0644c?s=96&d=mm&r=g","contentUrl":"https:\/\/secure.gravatar.com\/avatar\/412d3b63274bcf76039a4c7cdfb0644c?s=96&d=mm&r=g","caption":"vidadigital"},"url":"https:\/\/vidadigital.eu\/es\/author\/vidadigital\/"}]}},"_links":{"self":[{"href":"https:\/\/vidadigital.eu\/es\/wp-json\/wp\/v2\/posts\/378"}],"collection":[{"href":"https:\/\/vidadigital.eu\/es\/wp-json\/wp\/v2\/posts"}],"about":[{"href":"https:\/\/vidadigital.eu\/es\/wp-json\/wp\/v2\/types\/post"}],"author":[{"embeddable":true,"href":"https:\/\/vidadigital.eu\/es\/wp-json\/wp\/v2\/users\/1"}],"replies":[{"embeddable":true,"href":"https:\/\/vidadigital.eu\/es\/wp-json\/wp\/v2\/comments?post=378"}],"version-history":[{"count":0,"href":"https:\/\/vidadigital.eu\/es\/wp-json\/wp\/v2\/posts\/378\/revisions"}],"wp:featuredmedia":[{"embeddable":true,"href":"https:\/\/vidadigital.eu\/es\/wp-json\/wp\/v2\/media\/376"}],"wp:attachment":[{"href":"https:\/\/vidadigital.eu\/es\/wp-json\/wp\/v2\/media?parent=378"}],"wp:term":[{"taxonomy":"category","embeddable":true,"href":"https:\/\/vidadigital.eu\/es\/wp-json\/wp\/v2\/categories?post=378"},{"taxonomy":"post_tag","embeddable":true,"href":"https:\/\/vidadigital.eu\/es\/wp-json\/wp\/v2\/tags?post=378"}],"curies":[{"name":"wp","href":"https:\/\/api.w.org\/{rel}","templated":true}]}}